{"id":995,"date":"2020-11-24T10:40:18","date_gmt":"2020-11-24T09:40:18","guid":{"rendered":"https:\/\/www.lamasiademartins.com\/?p=995"},"modified":"2020-11-24T10:43:35","modified_gmt":"2020-11-24T09:43:35","slug":"inicio-de-temporada-20-21","status":"publish","type":"post","link":"https:\/\/www.lamasiademartins.com\/es\/inicio-de-temporada-20-21\/","title":{"rendered":"INICIO DE TEMPORADA 2020\/2021"},"content":{"rendered":"<p>La Masia de Martins da inicio a la temporada 2020\/2021, un a\u00f1o m\u00e1s, llenos de ilusi\u00f3n, con el objetivo de seguir llevando c\u00edtricos de proximidad y calidad a nuestros clientes.<img loading=\"lazy\" decoding=\"async\" class=\"alignnone wp-image-999 size-full\" src=\"https:\/\/www.lamasiademartins.com\/wp-content\/uploads\/2020\/11\/INICI-DE-TEMPORADA-CASTELLA.png\" alt=\"Inicio de temporada 2020\/2021 Castella\" width=\"1024\" height=\"768\" srcset=\"https:\/\/www.lamasiademartins.com\/wp-content\/uploads\/2020\/11\/INICI-DE-TEMPORADA-CASTELLA.png 1024w, https:\/\/www.lamasiademartins.com\/wp-content\/uploads\/2020\/11\/INICI-DE-TEMPORADA-CASTELLA-980x735.png 980w, https:\/\/www.lamasiademartins.com\/wp-content\/uploads\/2020\/11\/INICI-DE-TEMPORADA-CASTELLA-480x360.png 480w\" sizes=\"(min-width: 0px) and (max-width: 480px) 480px, (min-width: 481px) and (max-width: 980px) 980px, (min-width: 981px) 1024px, 100vw\" \/><\/p>\n<p>Nuestras clementinas son cultivadas en el Valle del <span class=\"googie_link\">Ebro<\/span>, en concreto a Les\u00a0<span class=\"googie_link\">Terres<\/span>\u00a0de\u00a0<span class=\"googie_link\">l&#8217;Ebre<\/span>, zona donde la tradici\u00f3n agraria\u00a0<span class=\"googie_link\">es<\/span> muy grande y donde cultivar naranjas y clementinas, resulta muy adecuado debido a las condiciones que presenta el ecosistema. Todas nuestras clementinas son de proximidad y cultivadas de forma natural para conservar su esencia y lograr un producto de m\u00e1xima calidad. Todos nuestros c\u00edtricos se cosechan en su punto \u00f3ptimo de maduraci\u00f3n, sin utilizar productos qu\u00edmicos, tratamientos <span class=\"googie_link\">post-cosecha<\/span>, c\u00e1maras frigor\u00edficas ni cualquier otro producto o m\u00e9todo que avance su maduraci\u00f3n de forma artificial.<\/p>\n<p><span class=\"googie_link\">\u00bfCu\u00e1l<\/span>\u00a0es el resultado de combinar un terreno ideal y c\u00edtricos cultivados de forma\u00a0<span class=\"googie_link\">sostenible?<\/span>\u00a0Fruta de calidad con todo su gusto, propiedades y caracter\u00edsticas naturales. Todas las naranjas y clementinas son diferentes, no hay dos que sean iguales, en un mismo pedido puedes encontrar diferentes calibres y peque\u00f1as imperfecciones en la c\u00e1scara debido a alguna situaci\u00f3n meteorol\u00f3gica o factor externo que se pueda dar, pero todas tienen algo en com\u00fan: El sabor original de una clementina y el aroma que desprenden al cogerlas, pelarlas y comerlas.<\/p>\n<p>Por estos motivos y muchos m\u00e1s, estamos orgullosos de empezar una nueva temporada y os invitamos a acompa\u00f1arnos un a\u00f1o m\u00e1s.<\/p>\n<p>Visita <a href=\"https:\/\/es-es.facebook.com\/LaMasiadeMartins\/\">nuestra p\u00e1gina de\u00a0<span class=\"googie_link\">Facebook<\/span><\/a>\u00a0para conocer las \u00faltimas novedades de La\u00a0<span class=\"googie_link\">Masia<\/span>\u00a0de\u00a0<span class=\"googie_link\">Martins<\/span>.<\/p>\n<p>Por \u00faltimo, para realizar cualquier tipo de consulta,\u00a0<a href=\"https:\/\/www.lamasiademartins.com\/es\/contacta\/\"><span class=\"googie_link\">\u00a1Cont\u00e1ctanos<\/span>!<\/a><\/p>\n","protected":false},"excerpt":{"rendered":"<p>La Masia de Martins da inicio a la temporada 2020\/2021, un a\u00f1o m\u00e1s, llenos de ilusi\u00f3n, con el objetivo de seguir llevando c\u00edtricos de proximidad y calidad a nuestros clientes. Nuestras clementinas son cultivadas en el Valle del Ebro, en concreto a Les\u00a0Terres\u00a0de\u00a0l&#8217;Ebre, zona donde la tradici\u00f3n agraria\u00a0es muy grande y donde cultivar naranjas y [&hellip;]<\/p>\n","protected":false},"author":17,"featured_media":996,"comment_status":"open","ping_status":"open","sticky":false,"template":"","format":"standard","meta":{"_et_pb_use_builder":"","_et_pb_old_content":"","_et_gb_content_width":"","footnotes":""},"categories":[42],"tags":[],"class_list":["post-995","post","type-post","status-publish","format-standard","has-post-thumbnail","hentry","category-sin-categorizar"],"yoast_head":"<!-- This site is optimized with the Yoast SEO plugin v27.5 - https:\/\/yoast.com\/product\/yoast-seo-wordpress\/ -->\n<title>INICIO DE TEMPORADA 2020\/2021 - La Masia de Martins<\/title>\n<meta name=\"description\" content=\"Un a\u00f1o m\u00e1s en La Masia de Martins damos entrada al nuevo inicio de temporada 2020\/2021 lleno de ganas e ilusi\u00f3n. Est\u00e1is todos invitados, os esperamos!\" \/>\n<meta name=\"robots\" content=\"index, follow, max-snippet:-1, max-image-preview:large, max-video-preview:-1\" \/>\n<link rel=\"canonical\" href=\"https:\/\/www.lamasiademartins.com\/es\/inicio-de-temporada-20-21\/\" \/>\n<meta property=\"og:locale\" content=\"es_ES\" \/>\n<meta property=\"og:type\" content=\"article\" \/>\n<meta property=\"og:title\" content=\"INICIO DE TEMPORADA 2020\/2021 - La Masia de Martins\" \/>\n<meta property=\"og:description\" content=\"Un a\u00f1o m\u00e1s en La Masia de Martins damos entrada al nuevo inicio de temporada 2020\/2021 lleno de ganas e ilusi\u00f3n. Est\u00e1is todos invitados, os esperamos!\" \/>\n<meta property=\"og:url\" content=\"https:\/\/www.lamasiademartins.com\/es\/inicio-de-temporada-20-21\/\" \/>\n<meta property=\"og:site_name\" content=\"La Masia de Martins\" \/>\n<meta property=\"article:publisher\" content=\"https:\/\/es-es.facebook.com\/LaMasiadeMartins\/\" \/>\n<meta property=\"article:published_time\" content=\"2020-11-24T09:40:18+00:00\" \/>\n<meta property=\"article:modified_time\" content=\"2020-11-24T09:43:35+00:00\" \/>\n<meta property=\"og:image\" content=\"https:\/\/www.lamasiademartins.com\/wp-content\/uploads\/2020\/11\/BANNER-INICI-DE-TEMPORADA-CASTELLA.png\" \/>\n\t<meta property=\"og:image:width\" content=\"760\" \/>\n\t<meta property=\"og:image:height\" content=\"100\" \/>\n\t<meta property=\"og:image:type\" content=\"image\/png\" \/>\n<meta name=\"author\" content=\"La Masia de Martins\" \/>\n<meta name=\"twitter:card\" content=\"summary_large_image\" \/>\n<meta name=\"twitter:creator\" content=\"@MasiaMartins\" \/>\n<meta name=\"twitter:site\" content=\"@MasiaMartins\" \/>\n<meta name=\"twitter:label1\" content=\"Escrito por\" \/>\n\t<meta name=\"twitter:data1\" content=\"La Masia de Martins\" \/>\n\t<meta name=\"twitter:label2\" content=\"Tiempo de lectura\" \/>\n\t<meta name=\"twitter:data2\" content=\"1 minuto\" \/>\n<script type=\"application\/ld+json\" class=\"yoast-schema-graph\">{\"@context\":\"https:\\\/\\\/schema.org\",\"@graph\":[{\"@type\":\"Article\",\"@id\":\"https:\\\/\\\/www.lamasiademartins.com\\\/es\\\/inicio-de-temporada-20-21\\\/#article\",\"isPartOf\":{\"@id\":\"https:\\\/\\\/www.lamasiademartins.com\\\/es\\\/inicio-de-temporada-20-21\\\/\"},\"author\":{\"name\":\"La Masia de Martins\",\"@id\":\"https:\\\/\\\/www.lamasiademartins.com\\\/#\\\/schema\\\/person\\\/155c057f81cb41934eafcce9944a5149\"},\"headline\":\"INICIO DE TEMPORADA 2020\\\/2021\",\"datePublished\":\"2020-11-24T09:40:18+00:00\",\"dateModified\":\"2020-11-24T09:43:35+00:00\",\"mainEntityOfPage\":{\"@id\":\"https:\\\/\\\/www.lamasiademartins.com\\\/es\\\/inicio-de-temporada-20-21\\\/\"},\"wordCount\":287,\"commentCount\":0,\"image\":{\"@id\":\"https:\\\/\\\/www.lamasiademartins.com\\\/es\\\/inicio-de-temporada-20-21\\\/#primaryimage\"},\"thumbnailUrl\":\"https:\\\/\\\/www.lamasiademartins.com\\\/wp-content\\\/uploads\\\/2020\\\/11\\\/BANNER-INICI-DE-TEMPORADA-CASTELLA.png\",\"articleSection\":[\"Sin categorizar\"],\"inLanguage\":\"es\",\"potentialAction\":[{\"@type\":\"CommentAction\",\"name\":\"Comment\",\"target\":[\"https:\\\/\\\/www.lamasiademartins.com\\\/es\\\/inicio-de-temporada-20-21\\\/#respond\"]}]},{\"@type\":\"WebPage\",\"@id\":\"https:\\\/\\\/www.lamasiademartins.com\\\/es\\\/inicio-de-temporada-20-21\\\/\",\"url\":\"https:\\\/\\\/www.lamasiademartins.com\\\/es\\\/inicio-de-temporada-20-21\\\/\",\"name\":\"INICIO DE TEMPORADA 2020\\\/2021 - La Masia de Martins\",\"isPartOf\":{\"@id\":\"https:\\\/\\\/www.lamasiademartins.com\\\/#website\"},\"primaryImageOfPage\":{\"@id\":\"https:\\\/\\\/www.lamasiademartins.com\\\/es\\\/inicio-de-temporada-20-21\\\/#primaryimage\"},\"image\":{\"@id\":\"https:\\\/\\\/www.lamasiademartins.com\\\/es\\\/inicio-de-temporada-20-21\\\/#primaryimage\"},\"thumbnailUrl\":\"https:\\\/\\\/www.lamasiademartins.com\\\/wp-content\\\/uploads\\\/2020\\\/11\\\/BANNER-INICI-DE-TEMPORADA-CASTELLA.png\",\"datePublished\":\"2020-11-24T09:40:18+00:00\",\"dateModified\":\"2020-11-24T09:43:35+00:00\",\"author\":{\"@id\":\"https:\\\/\\\/www.lamasiademartins.com\\\/#\\\/schema\\\/person\\\/155c057f81cb41934eafcce9944a5149\"},\"description\":\"Un a\u00f1o m\u00e1s en La Masia de Martins damos entrada al nuevo inicio de temporada 2020\\\/2021 lleno de ganas e ilusi\u00f3n. Est\u00e1is todos invitados, os esperamos!\",\"breadcrumb\":{\"@id\":\"https:\\\/\\\/www.lamasiademartins.com\\\/es\\\/inicio-de-temporada-20-21\\\/#breadcrumb\"},\"inLanguage\":\"es\",\"potentialAction\":[{\"@type\":\"ReadAction\",\"target\":[\"https:\\\/\\\/www.lamasiademartins.com\\\/es\\\/inicio-de-temporada-20-21\\\/\"]}]},{\"@type\":\"ImageObject\",\"inLanguage\":\"es\",\"@id\":\"https:\\\/\\\/www.lamasiademartins.com\\\/es\\\/inicio-de-temporada-20-21\\\/#primaryimage\",\"url\":\"https:\\\/\\\/www.lamasiademartins.com\\\/wp-content\\\/uploads\\\/2020\\\/11\\\/BANNER-INICI-DE-TEMPORADA-CASTELLA.png\",\"contentUrl\":\"https:\\\/\\\/www.lamasiademartins.com\\\/wp-content\\\/uploads\\\/2020\\\/11\\\/BANNER-INICI-DE-TEMPORADA-CASTELLA.png\",\"width\":760,\"height\":100},{\"@type\":\"BreadcrumbList\",\"@id\":\"https:\\\/\\\/www.lamasiademartins.com\\\/es\\\/inicio-de-temporada-20-21\\\/#breadcrumb\",\"itemListElement\":[{\"@type\":\"ListItem\",\"position\":1,\"name\":\"Inici\",\"item\":\"https:\\\/\\\/www.lamasiademartins.com\\\/es\\\/comprar-naranjas-y-mandarinas\\\/\"},{\"@type\":\"ListItem\",\"position\":2,\"name\":\"INICIO DE TEMPORADA 2020\\\/2021\"}]},{\"@type\":\"WebSite\",\"@id\":\"https:\\\/\\\/www.lamasiademartins.com\\\/#website\",\"url\":\"https:\\\/\\\/www.lamasiademartins.com\\\/\",\"name\":\"La Masia de Martins\",\"description\":\"Comprar taronjes\",\"potentialAction\":[{\"@type\":\"SearchAction\",\"target\":{\"@type\":\"EntryPoint\",\"urlTemplate\":\"https:\\\/\\\/www.lamasiademartins.com\\\/?s={search_term_string}\"},\"query-input\":{\"@type\":\"PropertyValueSpecification\",\"valueRequired\":true,\"valueName\":\"search_term_string\"}}],\"inLanguage\":\"es\"},{\"@type\":\"Person\",\"@id\":\"https:\\\/\\\/www.lamasiademartins.com\\\/#\\\/schema\\\/person\\\/155c057f81cb41934eafcce9944a5149\",\"name\":\"La Masia de Martins\",\"image\":{\"@type\":\"ImageObject\",\"inLanguage\":\"es\",\"@id\":\"https:\\\/\\\/secure.gravatar.com\\\/avatar\\\/f07a73e4d618e5960431f8db1446127869b47add6910696ca8dc25a78b66cf31?s=96&d=mm&r=g\",\"url\":\"https:\\\/\\\/secure.gravatar.com\\\/avatar\\\/f07a73e4d618e5960431f8db1446127869b47add6910696ca8dc25a78b66cf31?s=96&d=mm&r=g\",\"contentUrl\":\"https:\\\/\\\/secure.gravatar.com\\\/avatar\\\/f07a73e4d618e5960431f8db1446127869b47add6910696ca8dc25a78b66cf31?s=96&d=mm&r=g\",\"caption\":\"La Masia de Martins\"},\"url\":\"https:\\\/\\\/www.lamasiademartins.com\\\/es\\\/author\\\/martins\\\/\"}]}<\/script>\n<!-- \/ Yoast SEO plugin. -->","yoast_head_json":{"title":"INICIO DE TEMPORADA 2020\/2021 - La Masia de Martins","description":"Un a\u00f1o m\u00e1s en La Masia de Martins damos entrada al nuevo inicio de temporada 2020\/2021 lleno de ganas e ilusi\u00f3n. Est\u00e1is todos invitados, os esperamos!","robots":{"index":"index","follow":"follow","max-snippet":"max-snippet:-1","max-image-preview":"max-image-preview:large","max-video-preview":"max-video-preview:-1"},"canonical":"https:\/\/www.lamasiademartins.com\/es\/inicio-de-temporada-20-21\/","og_locale":"es_ES","og_type":"article","og_title":"INICIO DE TEMPORADA 2020\/2021 - La Masia de Martins","og_description":"Un a\u00f1o m\u00e1s en La Masia de Martins damos entrada al nuevo inicio de temporada 2020\/2021 lleno de ganas e ilusi\u00f3n. Est\u00e1is todos invitados, os esperamos!","og_url":"https:\/\/www.lamasiademartins.com\/es\/inicio-de-temporada-20-21\/","og_site_name":"La Masia de Martins","article_publisher":"https:\/\/es-es.facebook.com\/LaMasiadeMartins\/","article_published_time":"2020-11-24T09:40:18+00:00","article_modified_time":"2020-11-24T09:43:35+00:00","og_image":[{"width":760,"height":100,"url":"https:\/\/www.lamasiademartins.com\/wp-content\/uploads\/2020\/11\/BANNER-INICI-DE-TEMPORADA-CASTELLA.png","type":"image\/png"}],"author":"La Masia de Martins","twitter_card":"summary_large_image","twitter_creator":"@MasiaMartins","twitter_site":"@MasiaMartins","twitter_misc":{"Escrito por":"La Masia de Martins","Tiempo de lectura":"1 minuto"},"schema":{"@context":"https:\/\/schema.org","@graph":[{"@type":"Article","@id":"https:\/\/www.lamasiademartins.com\/es\/inicio-de-temporada-20-21\/#article","isPartOf":{"@id":"https:\/\/www.lamasiademartins.com\/es\/inicio-de-temporada-20-21\/"},"author":{"name":"La Masia de Martins","@id":"https:\/\/www.lamasiademartins.com\/#\/schema\/person\/155c057f81cb41934eafcce9944a5149"},"headline":"INICIO DE TEMPORADA 2020\/2021","datePublished":"2020-11-24T09:40:18+00:00","dateModified":"2020-11-24T09:43:35+00:00","mainEntityOfPage":{"@id":"https:\/\/www.lamasiademartins.com\/es\/inicio-de-temporada-20-21\/"},"wordCount":287,"commentCount":0,"image":{"@id":"https:\/\/www.lamasiademartins.com\/es\/inicio-de-temporada-20-21\/#primaryimage"},"thumbnailUrl":"https:\/\/www.lamasiademartins.com\/wp-content\/uploads\/2020\/11\/BANNER-INICI-DE-TEMPORADA-CASTELLA.png","articleSection":["Sin categorizar"],"inLanguage":"es","potentialAction":[{"@type":"CommentAction","name":"Comment","target":["https:\/\/www.lamasiademartins.com\/es\/inicio-de-temporada-20-21\/#respond"]}]},{"@type":"WebPage","@id":"https:\/\/www.lamasiademartins.com\/es\/inicio-de-temporada-20-21\/","url":"https:\/\/www.lamasiademartins.com\/es\/inicio-de-temporada-20-21\/","name":"INICIO DE TEMPORADA 2020\/2021 - La Masia de Martins","isPartOf":{"@id":"https:\/\/www.lamasiademartins.com\/#website"},"primaryImageOfPage":{"@id":"https:\/\/www.lamasiademartins.com\/es\/inicio-de-temporada-20-21\/#primaryimage"},"image":{"@id":"https:\/\/www.lamasiademartins.com\/es\/inicio-de-temporada-20-21\/#primaryimage"},"thumbnailUrl":"https:\/\/www.lamasiademartins.com\/wp-content\/uploads\/2020\/11\/BANNER-INICI-DE-TEMPORADA-CASTELLA.png","datePublished":"2020-11-24T09:40:18+00:00","dateModified":"2020-11-24T09:43:35+00:00","author":{"@id":"https:\/\/www.lamasiademartins.com\/#\/schema\/person\/155c057f81cb41934eafcce9944a5149"},"description":"Un a\u00f1o m\u00e1s en La Masia de Martins damos entrada al nuevo inicio de temporada 2020\/2021 lleno de ganas e ilusi\u00f3n. Est\u00e1is todos invitados, os esperamos!","breadcrumb":{"@id":"https:\/\/www.lamasiademartins.com\/es\/inicio-de-temporada-20-21\/#breadcrumb"},"inLanguage":"es","potentialAction":[{"@type":"ReadAction","target":["https:\/\/www.lamasiademartins.com\/es\/inicio-de-temporada-20-21\/"]}]},{"@type":"ImageObject","inLanguage":"es","@id":"https:\/\/www.lamasiademartins.com\/es\/inicio-de-temporada-20-21\/#primaryimage","url":"https:\/\/www.lamasiademartins.com\/wp-content\/uploads\/2020\/11\/BANNER-INICI-DE-TEMPORADA-CASTELLA.png","contentUrl":"https:\/\/www.lamasiademartins.com\/wp-content\/uploads\/2020\/11\/BANNER-INICI-DE-TEMPORADA-CASTELLA.png","width":760,"height":100},{"@type":"BreadcrumbList","@id":"https:\/\/www.lamasiademartins.com\/es\/inicio-de-temporada-20-21\/#breadcrumb","itemListElement":[{"@type":"ListItem","position":1,"name":"Inici","item":"https:\/\/www.lamasiademartins.com\/es\/comprar-naranjas-y-mandarinas\/"},{"@type":"ListItem","position":2,"name":"INICIO DE TEMPORADA 2020\/2021"}]},{"@type":"WebSite","@id":"https:\/\/www.lamasiademartins.com\/#website","url":"https:\/\/www.lamasiademartins.com\/","name":"La Masia de Martins","description":"Comprar taronjes","potentialAction":[{"@type":"SearchAction","target":{"@type":"EntryPoint","urlTemplate":"https:\/\/www.lamasiademartins.com\/?s={search_term_string}"},"query-input":{"@type":"PropertyValueSpecification","valueRequired":true,"valueName":"search_term_string"}}],"inLanguage":"es"},{"@type":"Person","@id":"https:\/\/www.lamasiademartins.com\/#\/schema\/person\/155c057f81cb41934eafcce9944a5149","name":"La Masia de Martins","image":{"@type":"ImageObject","inLanguage":"es","@id":"https:\/\/secure.gravatar.com\/avatar\/f07a73e4d618e5960431f8db1446127869b47add6910696ca8dc25a78b66cf31?s=96&d=mm&r=g","url":"https:\/\/secure.gravatar.com\/avatar\/f07a73e4d618e5960431f8db1446127869b47add6910696ca8dc25a78b66cf31?s=96&d=mm&r=g","contentUrl":"https:\/\/secure.gravatar.com\/avatar\/f07a73e4d618e5960431f8db1446127869b47add6910696ca8dc25a78b66cf31?s=96&d=mm&r=g","caption":"La Masia de Martins"},"url":"https:\/\/www.lamasiademartins.com\/es\/author\/martins\/"}]}},"_links":{"self":[{"href":"https:\/\/www.lamasiademartins.com\/es\/wp-json\/wp\/v2\/posts\/995","targetHints":{"allow":["GET"]}}],"collection":[{"href":"https:\/\/www.lamasiademartins.com\/es\/wp-json\/wp\/v2\/posts"}],"about":[{"href":"https:\/\/www.lamasiademartins.com\/es\/wp-json\/wp\/v2\/types\/post"}],"author":[{"embeddable":true,"href":"https:\/\/www.lamasiademartins.com\/es\/wp-json\/wp\/v2\/users\/17"}],"replies":[{"embeddable":true,"href":"https:\/\/www.lamasiademartins.com\/es\/wp-json\/wp\/v2\/comments?post=995"}],"version-history":[{"count":1,"href":"https:\/\/www.lamasiademartins.com\/es\/wp-json\/wp\/v2\/posts\/995\/revisions"}],"predecessor-version":[{"id":1004,"href":"https:\/\/www.lamasiademartins.com\/es\/wp-json\/wp\/v2\/posts\/995\/revisions\/1004"}],"wp:featuredmedia":[{"embeddable":true,"href":"https:\/\/www.lamasiademartins.com\/es\/wp-json\/wp\/v2\/media\/996"}],"wp:attachment":[{"href":"https:\/\/www.lamasiademartins.com\/es\/wp-json\/wp\/v2\/media?parent=995"}],"wp:term":[{"taxonomy":"category","embeddable":true,"href":"https:\/\/www.lamasiademartins.com\/es\/wp-json\/wp\/v2\/categories?post=995"},{"taxonomy":"post_tag","embeddable":true,"href":"https:\/\/www.lamasiademartins.com\/es\/wp-json\/wp\/v2\/tags?post=995"}],"curies":[{"name":"wp","href":"https:\/\/api.w.org\/{rel}","templated":true}]}}